{"id":763,"date":"2025-01-06T00:28:53","date_gmt":"2025-01-06T03:28:53","guid":{"rendered":"https:\/\/carnavalenfotos.com\/WP\/?p=763"},"modified":"2025-01-06T00:36:02","modified_gmt":"2025-01-06T03:36:02","slug":"nombres-de-los-conjuntos-i","status":"publish","type":"post","link":"https:\/\/carnavalenfotos.com\/WP\/2025\/01\/06\/nombres-de-los-conjuntos-i\/","title":{"rendered":"Nombres de los Conjuntos (I)"},"content":{"rendered":"\n<div class=\"wp-block-media-text is-stacked-on-mobile\"><figure class=\"wp-block-media-text__media\"><img loading=\"lazy\" decoding=\"async\" width=\"438\" height=\"328\" src=\"https:\/\/carnavalenfotos.com\/WP\/wp-content\/uploads\/2025\/01\/ANEC_GARCIA.jpg\" alt=\"\" class=\"wp-image-764 size-full\" srcset=\"https:\/\/carnavalenfotos.com\/WP\/wp-content\/uploads\/2025\/01\/ANEC_GARCIA.jpg 438w, https:\/\/carnavalenfotos.com\/WP\/wp-content\/uploads\/2025\/01\/ANEC_GARCIA-300x225.jpg 300w, https:\/\/carnavalenfotos.com\/WP\/wp-content\/uploads\/2025\/01\/ANEC_GARCIA-136x102.jpg 136w\" sizes=\"auto, (max-width: 438px) 100vw, 438px\" \/><\/figure><div class=\"wp-block-media-text__content\">\n<p><strong>Te bautizo en el nombre de Momo\u2026<\/strong><\/p>\n\n\n\n<p>\u00abJorge Garc\u00eda, veterano y reconocido carnavalero, nos cuenta dos an\u00e9cdotas que tuvieron como protagonista a su padre, Carlos Garc\u00eda, sobre la creaci\u00f3n y origen del nombre de dos conjuntos hist\u00f3ricos del carnaval de Montevideo.<\/p>\n<\/div><\/div>\n\n\n\n<p><br><strong>Pal\u00e1n Pal\u00e1n<\/strong><\/p>\n\n\n\n<p>Pal\u00e1n-Pal\u00e1n, que con el tiempo sigue siendo hasta el d\u00eda de hoy la Revista que m\u00e1s primeros premios ha ganado, y And\u00e1 que te cure Lola, otro nombre m\u00e1s que importante en la historia de los tablados montevideanos.\u00bb<\/p>\n\n\n\n<p>Esto fue por el a\u00f1o 1928, por supuesto yo no hab\u00eda nacido pero conozco la historia. Inclusive tengo los documentos en la casa de mi hermano.<\/p>\n\n\n\n<p>Mi padre estaba afuera, en un balneario, creo que era Aigu\u00e1, se meti\u00f3 en un jard\u00edn porque hab\u00eda unas plantas con unas hojas raras y fue a cortar algunas. Entonces una se\u00f1ora que estaba enfrente le grit\u00f3. Se\u00f1or no corte esa planta, esos yuyos, que son para curar heridas. \u00bfPara curar heridas? \u00bfY c\u00f3mo se llama? Se llama Pal\u00e1n-Pal\u00e1n, le dijo.<\/p>\n\n\n\n<p>Y a mi viejo le qued\u00f3, y en el a\u00f1o &#8217;30 saca un conjunto, un quinteto, al que le llam\u00f3 Pal\u00e1n-Pal\u00e1n. En la foto de Pal\u00e1n-Pal\u00e1n ven\u00edan las caras de los cinco integrantes en una hoja, que era una hoja que curaba heridas.<br><\/p>\n\n\n\n<p><strong>And\u00e1 ke que kure Lola<\/strong><\/p>\n\n\n\n<p>La de Lola fue en la esquina de Domingo Arambur\u00fa y Municipio (hoy Mart\u00edn C. Mart\u00ednez)<\/p>\n\n\n\n<p>Mi viejo estaba formando un conjunto. Una patota se le llamaba a esos conjuntos que iban a cantar por el barrio. En este caso por el barrio de Villa Mu\u00f1oz.<\/p>\n\n\n\n<p>Entonces quedaron una vez en reunirse al otro d\u00eda para darle nombre, y cada uno ten\u00eda que traer un nombre para bautizarlo.<\/p>\n\n\n\n<p>Mi pap\u00e1 estaba parado en Justicia y Nueva Palmira, esperando el tranv\u00eda sesenta y uno, que iba a Capurro. Y ah\u00ed se estaban peleando dos hombres por una mujer que se llamaba Lola. El que era el novio de la Lola se llev\u00f3 la peor parte y se la lig\u00f3.<\/p>\n\n\n\n<p>Vino el tranv\u00eda. El novio de la Lola se qued\u00f3 ah\u00ed lastimado y el otro hombre se subi\u00f3 con mi viejo al tranv\u00eda y le gritaba por arriba de la ventana: Y ahora, and\u00e1 que te cure Lola.<\/p>\n\n\n\n<p>Y entonces mi padre fue con ese nombre que qued\u00f3 para el conjunto, y peg\u00f3 evidentemente y el conjunto a trav\u00e9s de la historia cre\u00f3 su fama en el carnaval.<\/p>\n","protected":false},"excerpt":{"rendered":"<p>Te bautizo en el nombre de Momo\u2026 \u00abJorge Garc\u00eda, veterano y reconocido carnavalero, nos cuenta dos an\u00e9cdotas que tuvieron como protagonista a su padre, Carlos Garc\u00eda, sobre la creaci\u00f3n y origen del nombre de dos conjuntos hist\u00f3ricos del carnaval de Montevideo. Pal\u00e1n Pal\u00e1n Pal\u00e1n-Pal\u00e1n, que con el tiempo sigue siendo hasta el d\u00eda de hoy [&hellip;]<\/p>\n","protected":false},"author":5,"featured_media":0,"comment_status":"closed","ping_status":"closed","sticky":false,"template":"","format":"standard","meta":{"footnotes":""},"categories":[26],"tags":[],"class_list":["post-763","post","type-post","status-publish","format-standard","hentry","category-anecdotas"],"jetpack_featured_media_url":"","_links":{"self":[{"href":"https:\/\/carnavalenfotos.com\/WP\/wp-json\/wp\/v2\/posts\/763","targetHints":{"allow":["GET"]}}],"collection":[{"href":"https:\/\/carnavalenfotos.com\/WP\/wp-json\/wp\/v2\/posts"}],"about":[{"href":"https:\/\/carnavalenfotos.com\/WP\/wp-json\/wp\/v2\/types\/post"}],"author":[{"embeddable":true,"href":"https:\/\/carnavalenfotos.com\/WP\/wp-json\/wp\/v2\/users\/5"}],"replies":[{"embeddable":true,"href":"https:\/\/carnavalenfotos.com\/WP\/wp-json\/wp\/v2\/comments?post=763"}],"version-history":[{"count":1,"href":"https:\/\/carnavalenfotos.com\/WP\/wp-json\/wp\/v2\/posts\/763\/revisions"}],"predecessor-version":[{"id":771,"href":"https:\/\/carnavalenfotos.com\/WP\/wp-json\/wp\/v2\/posts\/763\/revisions\/771"}],"wp:attachment":[{"href":"https:\/\/carnavalenfotos.com\/WP\/wp-json\/wp\/v2\/media?parent=763"}],"wp:term":[{"taxonomy":"category","embeddable":true,"href":"https:\/\/carnavalenfotos.com\/WP\/wp-json\/wp\/v2\/categories?post=763"},{"taxonomy":"post_tag","embeddable":true,"href":"https:\/\/carnavalenfotos.com\/WP\/wp-json\/wp\/v2\/tags?post=763"}],"curies":[{"name":"wp","href":"https:\/\/api.w.org\/{rel}","templated":true}]}}