{"id":760,"date":"2025-01-06T00:19:39","date_gmt":"2025-01-06T03:19:39","guid":{"rendered":"https:\/\/carnavalenfotos.com\/WP\/?p=760"},"modified":"2025-01-06T00:36:29","modified_gmt":"2025-01-06T03:36:29","slug":"el-cucho-y-el-diablo","status":"publish","type":"post","link":"https:\/\/carnavalenfotos.com\/WP\/2025\/01\/06\/el-cucho-y-el-diablo\/","title":{"rendered":"El Cucho y el Diablo"},"content":{"rendered":"\n<div class=\"wp-block-media-text is-stacked-on-mobile\"><figure class=\"wp-block-media-text__media\"><img loading=\"lazy\" decoding=\"async\" width=\"438\" height=\"328\" src=\"https:\/\/carnavalenfotos.com\/WP\/wp-content\/uploads\/2025\/01\/ANEC_CUCHO.jpg\" alt=\"\" class=\"wp-image-761 size-full\" srcset=\"https:\/\/carnavalenfotos.com\/WP\/wp-content\/uploads\/2025\/01\/ANEC_CUCHO.jpg 438w, https:\/\/carnavalenfotos.com\/WP\/wp-content\/uploads\/2025\/01\/ANEC_CUCHO-300x225.jpg 300w, https:\/\/carnavalenfotos.com\/WP\/wp-content\/uploads\/2025\/01\/ANEC_CUCHO-136x102.jpg 136w\" sizes=\"auto, (max-width: 438px) 100vw, 438px\" \/><\/figure><div class=\"wp-block-media-text__content\">\n<p>\u00abOscar \u00abCucho\u00bb Granados es un carnavalero de raza. Cupletero, humorista, letrista, pase\u00f3 su humor por varias categor\u00edas y varios conjuntos, y los tablados y los carnavales fueron transitando entre an\u00e9cdotas e historias que comparte en cada rueda y en cada charla, para el recuerdo, la risa y el reconocimiento.<\/p>\n<\/div><\/div>\n\n\n\n<p><br>Al pedirle una historia de carnavaleros, no dud\u00f3 ni un segundo y comenz\u00f3 a contar \u00e9sta, del diablo de Piedras Blancas.\u00bb<\/p>\n\n\n\n<p>Est\u00e1bamos actuando con Los Humoristas del Bet\u00fan en el Club Piedras Blancas, en el a\u00f1o 1975, y en la actuaci\u00f3n hab\u00eda una situaci\u00f3n en la que sal\u00eda un compa\u00f1ero vestido de diablo.<\/p>\n\n\n\n<p>En determinado momento tir\u00e1bamos talco y hac\u00edamos explotar una bomba brasilera, y al personaje se le preguntaba:<\/p>\n\n\n\n<p>\u00bfQu\u00e9 hace usted as\u00ed vestido, sin documento ninguno?<\/p>\n\n\n\n<p>\u00bfUsted es el diablo? (y \u00e9l contestaba)<\/p>\n\n\n\n<p>No. Yo soy hincha de Neptuno<\/p>\n\n\n\n<p>Y entonces empezaba a bailar. Pero una chispita de la bomba brasilera le rompi\u00f3 las can-can rojas, y le quedaron (baja la voz, susurrando) los genitales al aire.<\/p>\n\n\n\n<p>\u00c9l bailaba y el p\u00fablico cada vez m\u00e1s se le re\u00eda, y el hombre pens\u00f3 que estaba mantando de la risa con su actuaci\u00f3n.<\/p>\n\n\n\n<p>Hasta que vino el compa\u00f1ero que hac\u00eda la locuci\u00f3n, me avis\u00f3, y yo le avis\u00e9 al personaje. \u00e9l se fue para atr\u00e1s de la escenograf\u00eda con todo lo que hab\u00eda pasado.<\/p>\n\n\n\n<p>Cuando llega el momento de la despedida no sali\u00f3 al escenario y la gente gritaba\u2026<\/p>\n\n\n\n<p>\u00a1Que salga el diablo! \u00a1Que salga el diablo!<\/p>\n","protected":false},"excerpt":{"rendered":"<p>\u00abOscar \u00abCucho\u00bb Granados es un carnavalero de raza. Cupletero, humorista, letrista, pase\u00f3 su humor por varias categor\u00edas y varios conjuntos, y los tablados y los carnavales fueron transitando entre an\u00e9cdotas e historias que comparte en cada rueda y en cada charla, para el recuerdo, la risa y el reconocimiento. Al pedirle una historia de carnavaleros, [&hellip;]<\/p>\n","protected":false},"author":5,"featured_media":0,"comment_status":"closed","ping_status":"closed","sticky":false,"template":"","format":"standard","meta":{"footnotes":""},"categories":[26],"tags":[],"class_list":["post-760","post","type-post","status-publish","format-standard","hentry","category-anecdotas"],"jetpack_featured_media_url":"","_links":{"self":[{"href":"https:\/\/carnavalenfotos.com\/WP\/wp-json\/wp\/v2\/posts\/760","targetHints":{"allow":["GET"]}}],"collection":[{"href":"https:\/\/carnavalenfotos.com\/WP\/wp-json\/wp\/v2\/posts"}],"about":[{"href":"https:\/\/carnavalenfotos.com\/WP\/wp-json\/wp\/v2\/types\/post"}],"author":[{"embeddable":true,"href":"https:\/\/carnavalenfotos.com\/WP\/wp-json\/wp\/v2\/users\/5"}],"replies":[{"embeddable":true,"href":"https:\/\/carnavalenfotos.com\/WP\/wp-json\/wp\/v2\/comments?post=760"}],"version-history":[{"count":1,"href":"https:\/\/carnavalenfotos.com\/WP\/wp-json\/wp\/v2\/posts\/760\/revisions"}],"predecessor-version":[{"id":772,"href":"https:\/\/carnavalenfotos.com\/WP\/wp-json\/wp\/v2\/posts\/760\/revisions\/772"}],"wp:attachment":[{"href":"https:\/\/carnavalenfotos.com\/WP\/wp-json\/wp\/v2\/media?parent=760"}],"wp:term":[{"taxonomy":"category","embeddable":true,"href":"https:\/\/carnavalenfotos.com\/WP\/wp-json\/wp\/v2\/categories?post=760"},{"taxonomy":"post_tag","embeddable":true,"href":"https:\/\/carnavalenfotos.com\/WP\/wp-json\/wp\/v2\/tags?post=760"}],"curies":[{"name":"wp","href":"https:\/\/api.w.org\/{rel}","templated":true}]}}